{"id":111,"date":"2025-02-24T10:37:10","date_gmt":"2025-02-24T10:37:10","guid":{"rendered":"https:\/\/blog.albada.es\/?p=111"},"modified":"2025-02-24T10:37:10","modified_gmt":"2025-02-24T10:37:10","slug":"la-nueva-normativa-de-registro-de-jornada-y-como-cumplirla-con-visualpresencia-cloud","status":"publish","type":"post","link":"https:\/\/blog.albada.es\/?p=111","title":{"rendered":"La Nueva Normativa de Registro de Jornada y C\u00f3mo Cumplirla con VisualPresencia Cloud"},"content":{"rendered":"\n<p>En los \u00faltimos a\u00f1os, la legislaci\u00f3n laboral ha evolucionado para garantizar mayor transparencia y control en la gesti\u00f3n del tiempo de trabajo de los empleados. Una de las normativas m\u00e1s relevantes en este \u00e1mbito es la <strong>obligaci\u00f3n del registro de la jornada laboral de manera digital<\/strong>, que afecta a todas las empresas, independientemente de su tama\u00f1o o sector.\u00a0 El registro horario digital implica la utilizaci\u00f3n de sistemas electr\u00f3nicos para documentar las horas de inicio y finalizaci\u00f3n de la jornada laboral de cada trabajador.<\/p>\n\n\n\n<figure class=\"wp-block-image size-full\"><img loading=\"lazy\" decoding=\"async\" width=\"800\" height=\"542\" src=\"https:\/\/blog.albada.es\/wp-content\/uploads\/2025\/02\/1637426893058.jpg\" alt=\"\" class=\"wp-image-112\" srcset=\"https:\/\/blog.albada.es\/wp-content\/uploads\/2025\/02\/1637426893058.jpg 800w, https:\/\/blog.albada.es\/wp-content\/uploads\/2025\/02\/1637426893058-300x203.jpg 300w, https:\/\/blog.albada.es\/wp-content\/uploads\/2025\/02\/1637426893058-768x520.jpg 768w\" sizes=\"auto, (max-width: 767px) 89vw, (max-width: 1000px) 54vw, (max-width: 1071px) 543px, 580px\" \/><\/figure>\n\n\n\n<p><strong>\u00bfQu\u00e9 establece la normativa sobre el fichaje digital?<\/strong><\/p>\n\n\n\n<p>Desde la entrada en vigor del <strong>Real Decreto-ley 8\/2019<\/strong>, todas las empresas est\u00e1n obligadas a registrar diariamente la jornada laboral de sus empleados. Este registro debe incluir tanto la hora de inicio como la de finalizaci\u00f3n de la jornada y mantenerse archivado durante al menos cuatro a\u00f1os. El incumplimiento de esta normativa puede derivar en sanciones econ\u00f3micas.<\/p>\n\n\n\n<p><strong>\u00bfC\u00f3mo facilitar el cumplimiento con VisualPresencia Cloud?<\/strong><\/p>\n\n\n\n<p>Para garantizar un control eficiente y cumplir con la normativa sin complicaciones, las empresas necesitan soluciones digitales que automaticen el proceso de fichaje. En <strong>Albada Inform\u00e1tica<\/strong> ponemos a tu disposici\u00f3n <strong>VisualPresencia Cloud<\/strong>, una herramienta avanzada que permite gestionar la jornada laboral de manera sencilla y segura.<\/p>\n\n\n\n<p><strong>Sus principales ventajas<\/strong><\/p>\n\n\n\n<p>&#x2705; <strong>Registro en tiempo real<\/strong>: Los empleados pueden fichar desde cualquier dispositivo con conexi\u00f3n a Internet, lo que facilita el control del horario en entornos de teletrabajo o desplazamientos.<\/p>\n\n\n\n<p>&#x2705; <strong>Acceso desde la nube<\/strong>: No requiere instalaci\u00f3n de software ni inversi\u00f3n en infraestructuras. Todo el sistema es accesible desde cualquier navegador.<\/p>\n\n\n\n<p>&#x2705; <strong>Cumplimiento legal garantizado<\/strong>: El sistema almacena los datos de forma segura y permite generar informes para auditor\u00edas o inspecciones laborales.<\/p>\n\n\n\n<p>&#x2705; <strong>Seguridad y control<\/strong>: Permite configurar diferentes niveles de acceso y garantizar la fiabilidad de los datos registrados.<\/p>\n\n\n\n<p>En <strong>Albada Inform\u00e1tica<\/strong>, ayudamos a las empresas a adaptarse a la transformaci\u00f3n digital con soluciones tecnol\u00f3gicas avanzadas. Si tu empresa a\u00fan no cuenta con un sistema de registro horario eficiente, es el momento de dar el paso con <strong>VisualPresencia Cloud<\/strong>. Cumple con la normativa sin complicaciones y mejora la gesti\u00f3n del tiempo en tu empresa con una soluci\u00f3n fiable, segura y 100% digital.<\/p>\n","protected":false},"excerpt":{"rendered":"<p>En los \u00faltimos a\u00f1os, la legislaci\u00f3n laboral ha evolucionado para garantizar mayor transparencia y control en la gesti\u00f3n del tiempo de trabajo de los empleados. Una de las normativas m\u00e1s relevantes en este \u00e1mbito es la obligaci\u00f3n del registro de la jornada laboral de manera digital, que afecta a todas las empresas, independientemente de su &hellip; <\/p>\n<p class=\"link-more\"><a href=\"https:\/\/blog.albada.es\/?p=111\" class=\"more-link\">Continuar leyendo<span class=\"screen-reader-text\"> \u00abLa Nueva Normativa de Registro de Jornada y C\u00f3mo Cumplirla con VisualPresencia Cloud\u00bb<\/span><\/a><\/p>\n","protected":false},"author":1,"featured_media":0,"comment_status":"open","ping_status":"open","sticky":false,"template":"","format":"standard","meta":{"footnotes":""},"categories":[1],"tags":[],"class_list":["post-111","post","type-post","status-publish","format-standard","hentry","category-sin-categoria"],"_links":{"self":[{"href":"https:\/\/blog.albada.es\/index.php?rest_route=\/wp\/v2\/posts\/111","targetHints":{"allow":["GET"]}}],"collection":[{"href":"https:\/\/blog.albada.es\/index.php?rest_route=\/wp\/v2\/posts"}],"about":[{"href":"https:\/\/blog.albada.es\/index.php?rest_route=\/wp\/v2\/types\/post"}],"author":[{"embeddable":true,"href":"https:\/\/blog.albada.es\/index.php?rest_route=\/wp\/v2\/users\/1"}],"replies":[{"embeddable":true,"href":"https:\/\/blog.albada.es\/index.php?rest_route=%2Fwp%2Fv2%2Fcomments&post=111"}],"version-history":[{"count":1,"href":"https:\/\/blog.albada.es\/index.php?rest_route=\/wp\/v2\/posts\/111\/revisions"}],"predecessor-version":[{"id":113,"href":"https:\/\/blog.albada.es\/index.php?rest_route=\/wp\/v2\/posts\/111\/revisions\/113"}],"wp:attachment":[{"href":"https:\/\/blog.albada.es\/index.php?rest_route=%2Fwp%2Fv2%2Fmedia&parent=111"}],"wp:term":[{"taxonomy":"category","embeddable":true,"href":"https:\/\/blog.albada.es\/index.php?rest_route=%2Fwp%2Fv2%2Fcategories&post=111"},{"taxonomy":"post_tag","embeddable":true,"href":"https:\/\/blog.albada.es\/index.php?rest_route=%2Fwp%2Fv2%2Ftags&post=111"}],"curies":[{"name":"wp","href":"https:\/\/api.w.org\/{rel}","templated":true}]}}